{"id":11909,"date":"2015-01-12T00:00:00","date_gmt":"2015-01-12T00:00:00","guid":{"rendered":"http:\/\/test.digitaladvocacycenter.com\/fr\/smoke-free-air-in-uruguay\/"},"modified":"2019-10-01T14:17:11","modified_gmt":"2019-10-01T14:17:11","slug":"smoke-free-air-in-uruguay","status":"publish","type":"post","link":"https:\/\/digitaladvocacycenter.com\/fr\/smoke-free-air-in-uruguay\/","title":{"rendered":"Smoke-Free Air in Uruguay"},"content":{"rendered":"<p>This case study examines the steps taken in Uruguay that led to the national comprehensive smoke-free regulations seen today. While there can be no \u201cscript\u201d for a successful smoke-free air campaign, the Uruguayan experience included a number of tactics that may be universally employed:<\/p>\n<p>\u2022 Use the WHO Framework Convention on Tobacco Control<br \/>\n\u2022 Fight tobacco, not smokers<br \/>\n\u2022 Recruit allies from outside the public health community<br \/>\n\u2022 Work closely with public health officials as well as the medical community<br \/>\n\u2022 Include academia<br \/>\n\u2022 Consider smoke-free air legislation as part of a larger tobacco control effort.<\/p>\n","protected":false},"excerpt":{"rendered":"<p>This case study examines the steps taken in Uruguay that led to the national comprehensive smoke-free regulations seen today.<\/p>\n","protected":false},"author":1,"featured_media":0,"comment_status":"open","ping_status":"open","sticky":false,"template":"","format":"standard","meta":{"_acf_changed":false,"inline_featured_image":false,"footnotes":""},"categories":[29],"tags":[44,52,50],"networks":[],"language":[],"multichannel":[],"audience":[],"other":[],"phase":[388,397],"region":[428],"country":[429],"featured":[],"campaigns":[],"issue":[805],"policy":[],"types":[],"phases":[],"class_list":["post-11909","post","type-post","status-publish","format-standard","hentry","category-case-study-fr","tag-taxation-fr","tag-advertising-fr","tag-smoke-free-fr","phase-implementing-fr","phase-passing-fr","region-latinamerica-fr","country-uruguay-fr","issue-taxation-fr"],"acf":[],"yoast_head":"<!-- This site is optimized with the Yoast SEO plugin v26.7 - https:\/\/yoast.com\/wordpress\/plugins\/seo\/ -->\n<title>Smoke-Free Air in Uruguay - Campaign for Tobacco-Free Kids<\/title>\n<meta name=\"robots\" content=\"index, follow, max-snippet:-1, max-image-preview:large, max-video-preview:-1\" \/>\n<link rel=\"canonical\" href=\"https:\/\/digitaladvocacycenter.com\/fr\/smoke-free-air-in-uruguay\/\" \/>\n<meta property=\"og:locale\" content=\"fr_FR\" \/>\n<meta property=\"og:type\" content=\"article\" \/>\n<meta property=\"og:title\" content=\"Smoke-Free Air in Uruguay - Campaign for Tobacco-Free Kids\" \/>\n<meta property=\"og:description\" content=\"This case study examines the steps taken in Uruguay that led to the national comprehensive smoke-free regulations seen today.\" \/>\n<meta property=\"og:url\" content=\"https:\/\/digitaladvocacycenter.com\/fr\/smoke-free-air-in-uruguay\/\" \/>\n<meta property=\"og:site_name\" content=\"Campaign for Tobacco-Free Kids\" \/>\n<meta property=\"article:published_time\" content=\"2015-01-12T00:00:00+00:00\" \/>\n<meta property=\"article:modified_time\" content=\"2019-10-01T14:17:11+00:00\" \/>\n<meta name=\"author\" content=\"ctfkdac\" \/>\n<meta name=\"twitter:card\" content=\"summary_large_image\" \/>\n<meta name=\"twitter:label1\" content=\"Written by\" \/>\n\t<meta name=\"twitter:data1\" content=\"ctfkdac\" \/>\n<script type=\"application\/ld+json\" class=\"yoast-schema-graph\">{\"@context\":\"https:\/\/schema.org\",\"@graph\":[{\"@type\":\"Article\",\"@id\":\"https:\/\/digitaladvocacycenter.com\/fr\/smoke-free-air-in-uruguay\/#article\",\"isPartOf\":{\"@id\":\"https:\/\/digitaladvocacycenter.com\/fr\/smoke-free-air-in-uruguay\/\"},\"author\":{\"name\":\"ctfkdac\",\"@id\":\"https:\/\/digitaladvocacycenter.com\/fr\/#\/schema\/person\/cc5f321136044391ce3e586af562b06a\"},\"headline\":\"Smoke-Free Air in Uruguay\",\"datePublished\":\"2015-01-12T00:00:00+00:00\",\"dateModified\":\"2019-10-01T14:17:11+00:00\",\"mainEntityOfPage\":{\"@id\":\"https:\/\/digitaladvocacycenter.com\/fr\/smoke-free-air-in-uruguay\/\"},\"wordCount\":94,\"commentCount\":0,\"keywords\":[\"Imp\u00f4ts\",\"Publicit\u00e9\",\"Sans fum\u00e9e\"],\"articleSection\":[\"\u00c9tudes de cas\"],\"inLanguage\":\"fr\",\"potentialAction\":[{\"@type\":\"CommentAction\",\"name\":\"Comment\",\"target\":[\"https:\/\/digitaladvocacycenter.com\/fr\/smoke-free-air-in-uruguay\/#respond\"]}]},{\"@type\":\"WebPage\",\"@id\":\"https:\/\/digitaladvocacycenter.com\/fr\/smoke-free-air-in-uruguay\/\",\"url\":\"https:\/\/digitaladvocacycenter.com\/fr\/smoke-free-air-in-uruguay\/\",\"name\":\"Smoke-Free Air in Uruguay - Campaign for Tobacco-Free Kids\",\"isPartOf\":{\"@id\":\"https:\/\/digitaladvocacycenter.com\/fr\/#website\"},\"datePublished\":\"2015-01-12T00:00:00+00:00\",\"dateModified\":\"2019-10-01T14:17:11+00:00\",\"author\":{\"@id\":\"https:\/\/digitaladvocacycenter.com\/fr\/#\/schema\/person\/cc5f321136044391ce3e586af562b06a\"},\"breadcrumb\":{\"@id\":\"https:\/\/digitaladvocacycenter.com\/fr\/smoke-free-air-in-uruguay\/#breadcrumb\"},\"inLanguage\":\"fr\",\"potentialAction\":[{\"@type\":\"ReadAction\",\"target\":[\"https:\/\/digitaladvocacycenter.com\/fr\/smoke-free-air-in-uruguay\/\"]}]},{\"@type\":\"BreadcrumbList\",\"@id\":\"https:\/\/digitaladvocacycenter.com\/fr\/smoke-free-air-in-uruguay\/#breadcrumb\",\"itemListElement\":[{\"@type\":\"ListItem\",\"position\":1,\"name\":\"Home\",\"item\":\"https:\/\/digitaladvocacycenter.com\/fr\/\"},{\"@type\":\"ListItem\",\"position\":2,\"name\":\"Smoke-Free Air in Uruguay\"}]},{\"@type\":\"WebSite\",\"@id\":\"https:\/\/digitaladvocacycenter.com\/fr\/#website\",\"url\":\"https:\/\/digitaladvocacycenter.com\/fr\/\",\"name\":\"Campaign for Tobacco-Free Kids\",\"description\":\"Digital Advocacy Center\",\"potentialAction\":[{\"@type\":\"SearchAction\",\"target\":{\"@type\":\"EntryPoint\",\"urlTemplate\":\"https:\/\/digitaladvocacycenter.com\/fr\/?s={search_term_string}\"},\"query-input\":{\"@type\":\"PropertyValueSpecification\",\"valueRequired\":true,\"valueName\":\"search_term_string\"}}],\"inLanguage\":\"fr\"},{\"@type\":\"Person\",\"@id\":\"https:\/\/digitaladvocacycenter.com\/fr\/#\/schema\/person\/cc5f321136044391ce3e586af562b06a\",\"name\":\"ctfkdac\",\"image\":{\"@type\":\"ImageObject\",\"inLanguage\":\"fr\",\"@id\":\"https:\/\/digitaladvocacycenter.com\/fr\/#\/schema\/person\/image\/\",\"url\":\"https:\/\/secure.gravatar.com\/avatar\/8dcee8c94fb99de733c3b48394f5f9c54cede389bbb8213f88c541ab60dbf4a2?s=96&d=mm&r=g\",\"contentUrl\":\"https:\/\/secure.gravatar.com\/avatar\/8dcee8c94fb99de733c3b48394f5f9c54cede389bbb8213f88c541ab60dbf4a2?s=96&d=mm&r=g\",\"caption\":\"ctfkdac\"},\"url\":\"https:\/\/digitaladvocacycenter.com\/fr\/author\/ctfkdac\/\"}]}<\/script>\n<!-- \/ Yoast SEO plugin. -->","yoast_head_json":{"title":"Smoke-Free Air in Uruguay - Campaign for Tobacco-Free Kids","robots":{"index":"index","follow":"follow","max-snippet":"max-snippet:-1","max-image-preview":"max-image-preview:large","max-video-preview":"max-video-preview:-1"},"canonical":"https:\/\/digitaladvocacycenter.com\/fr\/smoke-free-air-in-uruguay\/","og_locale":"fr_FR","og_type":"article","og_title":"Smoke-Free Air in Uruguay - Campaign for Tobacco-Free Kids","og_description":"This case study examines the steps taken in Uruguay that led to the national comprehensive smoke-free regulations seen today.","og_url":"https:\/\/digitaladvocacycenter.com\/fr\/smoke-free-air-in-uruguay\/","og_site_name":"Campaign for Tobacco-Free Kids","article_published_time":"2015-01-12T00:00:00+00:00","article_modified_time":"2019-10-01T14:17:11+00:00","author":"ctfkdac","twitter_card":"summary_large_image","twitter_misc":{"Written by":"ctfkdac"},"schema":{"@context":"https:\/\/schema.org","@graph":[{"@type":"Article","@id":"https:\/\/digitaladvocacycenter.com\/fr\/smoke-free-air-in-uruguay\/#article","isPartOf":{"@id":"https:\/\/digitaladvocacycenter.com\/fr\/smoke-free-air-in-uruguay\/"},"author":{"name":"ctfkdac","@id":"https:\/\/digitaladvocacycenter.com\/fr\/#\/schema\/person\/cc5f321136044391ce3e586af562b06a"},"headline":"Smoke-Free Air in Uruguay","datePublished":"2015-01-12T00:00:00+00:00","dateModified":"2019-10-01T14:17:11+00:00","mainEntityOfPage":{"@id":"https:\/\/digitaladvocacycenter.com\/fr\/smoke-free-air-in-uruguay\/"},"wordCount":94,"commentCount":0,"keywords":["Imp\u00f4ts","Publicit\u00e9","Sans fum\u00e9e"],"articleSection":["\u00c9tudes de cas"],"inLanguage":"fr","potentialAction":[{"@type":"CommentAction","name":"Comment","target":["https:\/\/digitaladvocacycenter.com\/fr\/smoke-free-air-in-uruguay\/#respond"]}]},{"@type":"WebPage","@id":"https:\/\/digitaladvocacycenter.com\/fr\/smoke-free-air-in-uruguay\/","url":"https:\/\/digitaladvocacycenter.com\/fr\/smoke-free-air-in-uruguay\/","name":"Smoke-Free Air in Uruguay - Campaign for Tobacco-Free Kids","isPartOf":{"@id":"https:\/\/digitaladvocacycenter.com\/fr\/#website"},"datePublished":"2015-01-12T00:00:00+00:00","dateModified":"2019-10-01T14:17:11+00:00","author":{"@id":"https:\/\/digitaladvocacycenter.com\/fr\/#\/schema\/person\/cc5f321136044391ce3e586af562b06a"},"breadcrumb":{"@id":"https:\/\/digitaladvocacycenter.com\/fr\/smoke-free-air-in-uruguay\/#breadcrumb"},"inLanguage":"fr","potentialAction":[{"@type":"ReadAction","target":["https:\/\/digitaladvocacycenter.com\/fr\/smoke-free-air-in-uruguay\/"]}]},{"@type":"BreadcrumbList","@id":"https:\/\/digitaladvocacycenter.com\/fr\/smoke-free-air-in-uruguay\/#breadcrumb","itemListElement":[{"@type":"ListItem","position":1,"name":"Home","item":"https:\/\/digitaladvocacycenter.com\/fr\/"},{"@type":"ListItem","position":2,"name":"Smoke-Free Air in Uruguay"}]},{"@type":"WebSite","@id":"https:\/\/digitaladvocacycenter.com\/fr\/#website","url":"https:\/\/digitaladvocacycenter.com\/fr\/","name":"Campaign for Tobacco-Free Kids","description":"Digital Advocacy Center","potentialAction":[{"@type":"SearchAction","target":{"@type":"EntryPoint","urlTemplate":"https:\/\/digitaladvocacycenter.com\/fr\/?s={search_term_string}"},"query-input":{"@type":"PropertyValueSpecification","valueRequired":true,"valueName":"search_term_string"}}],"inLanguage":"fr"},{"@type":"Person","@id":"https:\/\/digitaladvocacycenter.com\/fr\/#\/schema\/person\/cc5f321136044391ce3e586af562b06a","name":"ctfkdac","image":{"@type":"ImageObject","inLanguage":"fr","@id":"https:\/\/digitaladvocacycenter.com\/fr\/#\/schema\/person\/image\/","url":"https:\/\/secure.gravatar.com\/avatar\/8dcee8c94fb99de733c3b48394f5f9c54cede389bbb8213f88c541ab60dbf4a2?s=96&d=mm&r=g","contentUrl":"https:\/\/secure.gravatar.com\/avatar\/8dcee8c94fb99de733c3b48394f5f9c54cede389bbb8213f88c541ab60dbf4a2?s=96&d=mm&r=g","caption":"ctfkdac"},"url":"https:\/\/digitaladvocacycenter.com\/fr\/author\/ctfkdac\/"}]}},"toolset-meta":{"for-article-posts":{"wpcf-article-url":{"type":"url","raw":""},"wpcf-source":{"type":"textfield","raw":""},"wpcf-source-url":{"type":"url","raw":""}},"case-study":{"file-upload":{"type":"url","raw":"https:\/\/digitaladvocacycenter.com\/wp-content\/uploads\/CS-Smoke-Free-Air-in-Uruguay.pdf"},"pdf-fallback":{"type":"file","raw":"CS-Smoke-Free Air in Uruguay.pdf","attachment_id":null},"source":{"type":"textfield","raw":"Action on Smoking & Health"},"source-url":{"type":"url","raw":"http:\/\/ash.org\/wp-content\/uploads\/2015\/01\/CS-Uruguay-DRAFT-2_FINAL.pdf"},"scribd-url":{"type":"url","raw":"https:\/\/www.scribd.com\/embeds\/275098385\/content?start_page=1&view_mode=scroll&access_key=key-WTVcX0hNPUGoPrQ3W3Yz&show_recommendations=true"},"socialmedia-url":{"type":"url","raw":""}},"for-sample-posts-only":{"socialmedia-url":{"type":"url","raw":""},"source":{"type":"textfield","raw":"Action on Smoking & Health"},"source-url":{"type":"url","raw":"http:\/\/ash.org\/wp-content\/uploads\/2015\/01\/CS-Uruguay-DRAFT-2_FINAL.pdf"}},"sms-fields":{"source":{"type":"textfield","raw":"Action on Smoking & Health"},"file-upload":{"type":"url","raw":"https:\/\/digitaladvocacycenter.com\/wp-content\/uploads\/CS-Smoke-Free-Air-in-Uruguay.pdf"},"pdf-fallback":{"type":"file","raw":"CS-Smoke-Free Air in Uruguay.pdf","attachment_id":null},"test-field":{"type":"textfield","raw":""}},"facts":{"source":{"type":"textfield","raw":"Action on Smoking & Health"},"source-url":{"type":"url","raw":"http:\/\/ash.org\/wp-content\/uploads\/2015\/01\/CS-Uruguay-DRAFT-2_FINAL.pdf"},"file-upload":{"type":"url","raw":"https:\/\/digitaladvocacycenter.com\/wp-content\/uploads\/CS-Smoke-Free-Air-in-Uruguay.pdf"},"scribd-url-facts":{"type":"url","raw":""}},"video":{"video-link":{"type":"url","raw":""},"image":{"type":"image","raw":"","attachment_id":null},"source":{"type":"textfield","raw":"Action on Smoking & Health"},"source-url":{"type":"url","raw":"http:\/\/ash.org\/wp-content\/uploads\/2015\/01\/CS-Uruguay-DRAFT-2_FINAL.pdf"}},"messaging-and-sample-plans":{"file-upload":{"type":"url","raw":"https:\/\/digitaladvocacycenter.com\/wp-content\/uploads\/CS-Smoke-Free-Air-in-Uruguay.pdf"},"pdf-fallback":{"type":"file","raw":"CS-Smoke-Free Air in Uruguay.pdf","attachment_id":null},"source":{"type":"textfield","raw":"Action on Smoking & Health"},"scribd-url":{"type":"url","raw":"https:\/\/www.scribd.com\/embeds\/275098385\/content?start_page=1&view_mode=scroll&access_key=key-WTVcX0hNPUGoPrQ3W3Yz&show_recommendations=true"}},"image-posts":{"image":{"type":"image","raw":"","attachment_id":null},"source":{"type":"textfield","raw":"Action on Smoking & Health"},"source-url":{"type":"url","raw":"http:\/\/ash.org\/wp-content\/uploads\/2015\/01\/CS-Uruguay-DRAFT-2_FINAL.pdf"}},"password-protection":{"password-protected":{"type":"checkbox","raw":"0"}},"featured-post":{"featured-post":{"type":"checkbox","raw":"0"}}},"_links":{"self":[{"href":"https:\/\/digitaladvocacycenter.com\/fr\/wp-json\/wp\/v2\/posts\/11909","targetHints":{"allow":["GET"]}}],"collection":[{"href":"https:\/\/digitaladvocacycenter.com\/fr\/wp-json\/wp\/v2\/posts"}],"about":[{"href":"https:\/\/digitaladvocacycenter.com\/fr\/wp-json\/wp\/v2\/types\/post"}],"author":[{"embeddable":true,"href":"https:\/\/digitaladvocacycenter.com\/fr\/wp-json\/wp\/v2\/users\/1"}],"replies":[{"embeddable":true,"href":"https:\/\/digitaladvocacycenter.com\/fr\/wp-json\/wp\/v2\/comments?post=11909"}],"version-history":[{"count":1,"href":"https:\/\/digitaladvocacycenter.com\/fr\/wp-json\/wp\/v2\/posts\/11909\/revisions"}],"predecessor-version":[{"id":15744,"href":"https:\/\/digitaladvocacycenter.com\/fr\/wp-json\/wp\/v2\/posts\/11909\/revisions\/15744"}],"wp:attachment":[{"href":"https:\/\/digitaladvocacycenter.com\/fr\/wp-json\/wp\/v2\/media?parent=11909"}],"wp:term":[{"taxonomy":"category","embeddable":true,"href":"https:\/\/digitaladvocacycenter.com\/fr\/wp-json\/wp\/v2\/categories?post=11909"},{"taxonomy":"post_tag","embeddable":true,"href":"https:\/\/digitaladvocacycenter.com\/fr\/wp-json\/wp\/v2\/tags?post=11909"},{"taxonomy":"networks","embeddable":true,"href":"https:\/\/digitaladvocacycenter.com\/fr\/wp-json\/wp\/v2\/networks?post=11909"},{"taxonomy":"language","embeddable":true,"href":"https:\/\/digitaladvocacycenter.com\/fr\/wp-json\/wp\/v2\/language?post=11909"},{"taxonomy":"multichannel","embeddable":true,"href":"https:\/\/digitaladvocacycenter.com\/fr\/wp-json\/wp\/v2\/multichannel?post=11909"},{"taxonomy":"audience","embeddable":true,"href":"https:\/\/digitaladvocacycenter.com\/fr\/wp-json\/wp\/v2\/audience?post=11909"},{"taxonomy":"other","embeddable":true,"href":"https:\/\/digitaladvocacycenter.com\/fr\/wp-json\/wp\/v2\/other?post=11909"},{"taxonomy":"phase","embeddable":true,"href":"https:\/\/digitaladvocacycenter.com\/fr\/wp-json\/wp\/v2\/phase?post=11909"},{"taxonomy":"region","embeddable":true,"href":"https:\/\/digitaladvocacycenter.com\/fr\/wp-json\/wp\/v2\/region?post=11909"},{"taxonomy":"country","embeddable":true,"href":"https:\/\/digitaladvocacycenter.com\/fr\/wp-json\/wp\/v2\/country?post=11909"},{"taxonomy":"featured","embeddable":true,"href":"https:\/\/digitaladvocacycenter.com\/fr\/wp-json\/wp\/v2\/featured?post=11909"},{"taxonomy":"campaigns","embeddable":true,"href":"https:\/\/digitaladvocacycenter.com\/fr\/wp-json\/wp\/v2\/campaigns?post=11909"},{"taxonomy":"issue","embeddable":true,"href":"https:\/\/digitaladvocacycenter.com\/fr\/wp-json\/wp\/v2\/issue?post=11909"},{"taxonomy":"policy","embeddable":true,"href":"https:\/\/digitaladvocacycenter.com\/fr\/wp-json\/wp\/v2\/policy?post=11909"},{"taxonomy":"types","embeddable":true,"href":"https:\/\/digitaladvocacycenter.com\/fr\/wp-json\/wp\/v2\/types?post=11909"},{"taxonomy":"phases","embeddable":true,"href":"https:\/\/digitaladvocacycenter.com\/fr\/wp-json\/wp\/v2\/phases?post=11909"}],"curies":[{"name":"wp","href":"https:\/\/api.w.org\/{rel}","templated":true}]}}